{"id":13629,"date":"2025-02-05T18:00:00","date_gmt":"2025-02-05T17:00:00","guid":{"rendered":"https:\/\/nostalgie2000s.com\/?p=13629"},"modified":"2025-02-05T10:17:09","modified_gmt":"2025-02-05T09:17:09","slug":"le-retour-de-buffy-contre-les-vampires-un-evenement-attendu-par-les-fans","status":"publish","type":"post","link":"https:\/\/nostalgie2000s.com\/index.php\/2025\/02\/05\/le-retour-de-buffy-contre-les-vampires-un-evenement-attendu-par-les-fans\/","title":{"rendered":"Le retour de \u00ab\u00a0Buffy contre les vampires\u00a0\u00bb : un \u00e9v\u00e9nement attendu par les fans"},"content":{"rendered":"\n<p>Apr\u00e8s plus de deux d\u00e9cennies d&rsquo;absence, <em>\u00ab\u00a0Buffy contre les vampires\u00a0\u00bb<\/em> s&rsquo;appr\u00eate \u00e0 faire son grand retour sur nos \u00e9crans. La plateforme Hulu est en train de finaliser les n\u00e9gociations pour une nouvelle s\u00e9rie qui verra Sarah Michelle Gellar reprendre son r\u00f4le embl\u00e9matique de Buffy Summers. Cette suite, d\u00e9crite comme le \u00ab\u00a0prochain chapitre du Buffyverse\u00a0\u00bb, sera r\u00e9alis\u00e9e par Chlo\u00e9 Zhao, laur\u00e9ate de l&rsquo;Oscar pour <em>\u00ab\u00a0Nomadland\u00a0\u00bb<\/em>, qui dirigera l&rsquo;\u00e9pisode pilote. Le sc\u00e9nario sera confi\u00e9 aux s\u0153urs Nora et Lilla Zuckerman, connues pour leur travail sur \u00ab\u00a0Poker Face\u00a0\u00bb.<\/p>\n\n\n\n<div style=\"height:25px\" aria-hidden=\"true\" class=\"wp-block-spacer\"><\/div>\n\n\n\n<figure class=\"wp-block-embed is-type-video is-provider-youtube wp-block-embed-youtube wp-embed-aspect-16-9 wp-has-aspect-ratio\"><div class=\"wp-block-embed__wrapper\">\n<iframe loading=\"lazy\" title=\"Buffy the Vampire Slayer - Intro HD\" width=\"640\" height=\"360\" src=\"https:\/\/www.youtube.com\/embed\/lk6iJNSv-vY?feature=oembed\" frameborder=\"0\" allow=\"accelerometer; autoplay; clipboard-write; encrypted-media; gyroscope; picture-in-picture; web-share\" referrerpolicy=\"strict-origin-when-cross-origin\" allowfullscreen><\/iframe>\n<\/div><\/figure>\n\n\n\n<div style=\"height:25px\" aria-hidden=\"true\" class=\"wp-block-spacer\"><\/div>\n\n\n\n<p>La production sera assur\u00e9e par 20th Television et Searchlight TV, en collaboration avec des producteurs ex\u00e9cutifs de la s\u00e9rie originale, dont Gail Berman et Dolly Parton. Il est \u00e0 noter que Joss Whedon, cr\u00e9ateur de la s\u00e9rie, ne sera pas impliqu\u00e9 dans ce projet en raison des accusations de comportement inappropri\u00e9 port\u00e9es contre lui en 2021.<\/p>\n\n\n\n<div style=\"height:45px\" aria-hidden=\"true\" class=\"wp-block-spacer\"><\/div>\n\n\n\n<p><strong>Un retour sur une s\u00e9rie culte en France<\/strong><\/p>\n\n\n\n<figure class=\"wp-block-image size-large\"><img loading=\"lazy\" decoding=\"async\" width=\"1024\" height=\"451\" src=\"https:\/\/nostalgie2000s.com\/wp-content\/uploads\/2025\/02\/buffyimage-1024x451.jpg\" alt=\"\" class=\"wp-image-13632\" srcset=\"https:\/\/nostalgie2000s.com\/wp-content\/uploads\/2025\/02\/buffyimage-1024x451.jpg 1024w, https:\/\/nostalgie2000s.com\/wp-content\/uploads\/2025\/02\/buffyimage-300x132.jpg 300w, https:\/\/nostalgie2000s.com\/wp-content\/uploads\/2025\/02\/buffyimage-768x339.jpg 768w, https:\/\/nostalgie2000s.com\/wp-content\/uploads\/2025\/02\/buffyimage-1140x503.jpg 1140w, https:\/\/nostalgie2000s.com\/wp-content\/uploads\/2025\/02\/buffyimage.jpg 1200w\" sizes=\"auto, (max-width: 1024px) 100vw, 1024px\" \/><\/figure>\n\n\n\n<div style=\"height:26px\" aria-hidden=\"true\" class=\"wp-block-spacer\"><\/div>\n\n\n\n<p>Cette nouvelle s\u00e9rie se concentrera sur une nouvelle Tueuse, avec Buffy apparaissant en tant que personnage r\u00e9current. Bien que le retour d&rsquo;autres membres du casting original n&rsquo;ait pas encore \u00e9t\u00e9 confirm\u00e9, les fans esp\u00e8rent retrouver certains visages familiers. Sarah Michelle Gellar, qui \u00e9tait auparavant r\u00e9ticente \u00e0 l&rsquo;id\u00e9e d&rsquo;un retour, a r\u00e9cemment exprim\u00e9 son ouverture \u00e0 cette possibilit\u00e9, citant des exemples de s\u00e9ries comme <em>Sex and the City<\/em> et <em>Dexter<\/em> qui ont r\u00e9ussi leur renaissance.<\/p>\n\n\n\n<p>En France, <em>Buffy contre les vampires<\/em> a marqu\u00e9 toute une g\u00e9n\u00e9ration, notamment gr\u00e2ce \u00e0 ses nombreuses diffusions sur les cha\u00eenes du groupe M6. La s\u00e9rie a \u00e9t\u00e9 diffus\u00e9e pour la premi\u00e8re fois sur <strong>M6 le vendredi 3 juillet 1998<\/strong>, avant d\u2019int\u00e9grer le mythique programme <strong>\u00ab\u00a0La Trilogie du Samedi\u00a0\u00bb d\u00e8s le 30 janvier 1999<\/strong>. V\u00e9ritable incontournable du rendez-vous du samedi soir, <em>Buffy<\/em> a contribu\u00e9 \u00e0 faire d\u00e9couvrir aux t\u00e9l\u00e9spectateurs fran\u00e7ais le genre fantastique \u00e0 travers une h\u00e9ro\u00efne forte et ind\u00e9pendante. Chaque semaine, des millions de fans se retrouvaient devant leur \u00e9cran pour suivre les aventures de Buffy, Angel, Spike et le Scooby-Gang.<\/p>\n\n\n\n<div style=\"height:34px\" aria-hidden=\"true\" class=\"wp-block-spacer\"><\/div>\n\n\n\n<h3 class=\"wp-block-heading\"><strong>Un h\u00e9ritage toujours d\u2019actualit\u00e9<\/strong><\/h3>\n\n\n\n<figure class=\"wp-block-embed is-type-video is-provider-youtube wp-block-embed-youtube wp-embed-aspect-16-9 wp-has-aspect-ratio\"><div class=\"wp-block-embed__wrapper\">\n<iframe loading=\"lazy\" title=\"Buffy contre les vampires | Bande-annonce | SALTO\" width=\"640\" height=\"360\" src=\"https:\/\/www.youtube.com\/embed\/1AbTfoDuyo0?feature=oembed\" frameborder=\"0\" allow=\"accelerometer; autoplay; clipboard-write; encrypted-media; gyroscope; picture-in-picture; web-share\" referrerpolicy=\"strict-origin-when-cross-origin\" allowfullscreen><\/iframe>\n<\/div><\/figure>\n\n\n\n<div style=\"height:23px\" aria-hidden=\"true\" class=\"wp-block-spacer\"><\/div>\n\n\n\n<p>En attendant plus de d\u00e9tails sur cette suite tr\u00e8s attendue, il est int\u00e9ressant de noter que <em>Buffy contre les vampires<\/em> a marqu\u00e9 l&rsquo;histoire de la t\u00e9l\u00e9vision en proposant des h\u00e9ro\u00efnes fortes et en abordant des th\u00e9matiques avant-gardistes pour l&rsquo;\u00e9poque. La s\u00e9rie est devenue une r\u00e9f\u00e9rence culturelle, influen\u00e7ant de nombreuses \u0153uvres ult\u00e9rieures dans le genre fantastique.<\/p>\n\n\n\n<p>Les fans de longue date et les nouveaux venus attendent avec impatience cette nouvelle it\u00e9ration du Buffyverse, esp\u00e9rant retrouver l&rsquo;essence qui a fait le succ\u00e8s de la s\u00e9rie originale tout en apportant une touche de modernit\u00e9.<\/p>\n","protected":false},"excerpt":{"rendered":"<p>Apr\u00e8s plus de deux d\u00e9cennies d&rsquo;absence, \u00ab\u00a0Buffy contre les vampires\u00a0\u00bb s&rsquo;appr\u00eate \u00e0 faire son grand retour sur nos \u00e9crans. La plateforme Hulu est en train de finaliser les n\u00e9gociations pour [&hellip;]<\/p>\n","protected":false},"author":1,"featured_media":13630,"comment_status":"open","ping_status":"open","sticky":false,"template":"","format":"standard","meta":{"_kadence_starter_templates_imported_post":false,"iawp_total_views":1,"footnotes":""},"categories":[112,45,21],"tags":[],"class_list":["post-13629","post","type-post","status-publish","format-standard","has-post-thumbnail","hentry","category-buffy-contre-les-vampires","category-news","category-series-tv"],"_links":{"self":[{"href":"https:\/\/nostalgie2000s.com\/index.php\/wp-json\/wp\/v2\/posts\/13629","targetHints":{"allow":["GET"]}}],"collection":[{"href":"https:\/\/nostalgie2000s.com\/index.php\/wp-json\/wp\/v2\/posts"}],"about":[{"href":"https:\/\/nostalgie2000s.com\/index.php\/wp-json\/wp\/v2\/types\/post"}],"author":[{"embeddable":true,"href":"https:\/\/nostalgie2000s.com\/index.php\/wp-json\/wp\/v2\/users\/1"}],"replies":[{"embeddable":true,"href":"https:\/\/nostalgie2000s.com\/index.php\/wp-json\/wp\/v2\/comments?post=13629"}],"version-history":[{"count":3,"href":"https:\/\/nostalgie2000s.com\/index.php\/wp-json\/wp\/v2\/posts\/13629\/revisions"}],"predecessor-version":[{"id":13634,"href":"https:\/\/nostalgie2000s.com\/index.php\/wp-json\/wp\/v2\/posts\/13629\/revisions\/13634"}],"wp:featuredmedia":[{"embeddable":true,"href":"https:\/\/nostalgie2000s.com\/index.php\/wp-json\/wp\/v2\/media\/13630"}],"wp:attachment":[{"href":"https:\/\/nostalgie2000s.com\/index.php\/wp-json\/wp\/v2\/media?parent=13629"}],"wp:term":[{"taxonomy":"category","embeddable":true,"href":"https:\/\/nostalgie2000s.com\/index.php\/wp-json\/wp\/v2\/categories?post=13629"},{"taxonomy":"post_tag","embeddable":true,"href":"https:\/\/nostalgie2000s.com\/index.php\/wp-json\/wp\/v2\/tags?post=13629"}],"curies":[{"name":"wp","href":"https:\/\/api.w.org\/{rel}","templated":true}]}}